{"id":3058,"date":"2023-02-16T12:42:23","date_gmt":"2023-02-16T11:42:23","guid":{"rendered":"https:\/\/orthodental.si\/en\/?p=3058"},"modified":"2023-07-30T16:19:36","modified_gmt":"2023-07-30T14:19:36","slug":"invisalign-price","status":"publish","type":"post","link":"https:\/\/orthodental.si\/en\/invisalign-price\/","title":{"rendered":"Invisalign price | How much does Invisalign cost?"},"content":{"rendered":"\t\t<div data-elementor-type=\"wp-post\" data-elementor-id=\"3058\" class=\"elementor elementor-3058\" data-elementor-post-type=\"post\">\n\t\t\t\t\t\t<div class=\"elementor-inner\">\n\t\t\t\t<div class=\"elementor-section-wrap\">\n\t\t\t\t\t\t\t\t\t<section class=\"elementor-section elementor-top-section elementor-element elementor-element-1f902c3 elementor-section-boxed elementor-section-height-default elementor-section-height-default\" data-id=\"1f902c3\" data-element_type=\"section\">\n\t\t\t\t\t\t<div class=\"elementor-container elementor-column-gap-default\">\n\t\t\t\t\t\t\t<div class=\"elementor-row\">\n\t\t\t\t\t<div class=\"elementor-column elementor-col-100 elementor-top-column elementor-element elementor-element-225b350\" data-id=\"225b350\" data-element_type=\"column\">\n\t\t\t<div class=\"elementor-column-wrap elementor-element-populated\">\n\t\t\t\t\t\t\t<div class=\"elementor-widget-wrap\">\n\t\t\t\t\t\t<div class=\"elementor-element elementor-element-92f8b35 elementor-widget elementor-widget-heading\" data-id=\"92f8b35\" data-element_type=\"widget\" data-widget_type=\"heading.default\">\n\t\t\t\t<div class=\"elementor-widget-container\">\n\t\t\t<h2 class=\"elementor-heading-title elementor-size-default\">What is the price for Invisalign?<\/h2>\t\t<\/div>\n\t\t\t\t<\/div>\n\t\t\t\t<div class=\"elementor-element elementor-element-1f2576f elementor-widget elementor-widget-text-editor\" data-id=\"1f2576f\" data-element_type=\"widget\" data-widget_type=\"text-editor.default\">\n\t\t\t\t<div class=\"elementor-widget-container\">\n\t\t\t\t\t\t\t\t<div class=\"elementor-text-editor elementor-clearfix\">\n\t\t\t\t<p>&#8220;<strong>Invisalign price<\/strong>&#8221; is one of the most common searches on the internet when you are considering orthodontic treatment. There is no price list for <a href=\"https:\/\/orthodental.si\/en\/invisalign\/\">Invisalign<\/a> as such, as <strong>the price depends on the complexity of the orthodontic treatment<\/strong>. However, to give you a better idea, below we will explain the factors that influence the cost of Invisalign treatment and how much you can expect to pay for this orthodontic solution.<\/p>\t\t\t\t\t<\/div>\n\t\t\t\t\t\t<\/div>\n\t\t\t\t<\/div>\n\t\t\t\t\t\t<\/div>\n\t\t\t\t\t<\/div>\n\t\t<\/div>\n\t\t\t\t\t\t\t\t<\/div>\n\t\t\t\t\t<\/div>\n\t\t<\/section>\n\t\t\t\t<section class=\"elementor-section elementor-top-section elementor-element elementor-element-63e214f elementor-section-boxed elementor-section-height-default elementor-section-height-default\" data-id=\"63e214f\" data-element_type=\"section\">\n\t\t\t\t\t\t<div class=\"elementor-container elementor-column-gap-default\">\n\t\t\t\t\t\t\t<div class=\"elementor-row\">\n\t\t\t\t\t<div class=\"elementor-column elementor-col-100 elementor-top-column elementor-element elementor-element-295d829\" data-id=\"295d829\" data-element_type=\"column\">\n\t\t\t<div class=\"elementor-column-wrap elementor-element-populated\">\n\t\t\t\t\t\t\t<div class=\"elementor-widget-wrap\">\n\t\t\t\t\t\t<div class=\"elementor-element elementor-element-d960072 elementor-widget elementor-widget-heading\" data-id=\"d960072\" data-element_type=\"widget\" data-widget_type=\"heading.default\">\n\t\t\t\t<div class=\"elementor-widget-container\">\n\t\t\t<h2 class=\"elementor-heading-title elementor-size-default\">Price of Invisalign therapy at OrthoDental<\/h2>\t\t<\/div>\n\t\t\t\t<\/div>\n\t\t\t\t<div class=\"elementor-element elementor-element-08b56bf elementor-widget elementor-widget-text-editor\" data-id=\"08b56bf\" data-element_type=\"widget\" data-widget_type=\"text-editor.default\">\n\t\t\t\t<div class=\"elementor-widget-container\">\n\t\t\t\t\t\t\t\t<div class=\"elementor-text-editor elementor-clearfix\">\n\t\t\t\t<p>With the growing popularity of Invisalign, <strong>many people are wondering how much they can expect to pay for this tailor-made solution<\/strong>. While the cost of Invisalign therapy can vary depending on a number of factors, it&#8217;s essential to have a<strong> general understanding of what to expect<\/strong>. Below we will provide you with information to help you make an informed decision about Invisalign therapy.<\/p>\t\t\t\t\t<\/div>\n\t\t\t\t\t\t<\/div>\n\t\t\t\t<\/div>\n\t\t\t\t\t\t<\/div>\n\t\t\t\t\t<\/div>\n\t\t<\/div>\n\t\t\t\t\t\t\t\t<\/div>\n\t\t\t\t\t<\/div>\n\t\t<\/section>\n\t\t\t\t<section class=\"elementor-section elementor-top-section elementor-element elementor-element-85b6140 elementor-section-boxed elementor-section-height-default elementor-section-height-default\" data-id=\"85b6140\" data-element_type=\"section\">\n\t\t\t\t\t\t<div class=\"elementor-container elementor-column-gap-default\">\n\t\t\t\t\t\t\t<div class=\"elementor-row\">\n\t\t\t\t\t<div class=\"elementor-column elementor-col-100 elementor-top-column elementor-element elementor-element-3f7b346\" data-id=\"3f7b346\" data-element_type=\"column\">\n\t\t\t<div class=\"elementor-column-wrap elementor-element-populated\">\n\t\t\t\t\t\t\t<div class=\"elementor-widget-wrap\">\n\t\t\t\t\t\t<div class=\"elementor-element elementor-element-2907032 elementor-widget elementor-widget-heading\" data-id=\"2907032\" data-element_type=\"widget\" data-widget_type=\"heading.default\">\n\t\t\t\t<div class=\"elementor-widget-container\">\n\t\t\t<h2 class=\"elementor-heading-title elementor-size-default\">What is the price list for Invisalign treatment?<\/h2>\t\t<\/div>\n\t\t\t\t<\/div>\n\t\t\t\t<div class=\"elementor-element elementor-element-d699dd8 elementor-widget elementor-widget-text-editor\" data-id=\"d699dd8\" data-element_type=\"widget\" data-widget_type=\"text-editor.default\">\n\t\t\t\t<div class=\"elementor-widget-container\">\n\t\t\t\t\t\t\t\t<div class=\"elementor-text-editor elementor-clearfix\">\n\t\t\t\t<p>The price list can be divided into <strong>three different packages<\/strong>, which differ in terms of how complex the orthodontic treatment is and how much room correction is needed. The exact amount will therefore depend on several factors, <strong>including the extent of your problems and the expected length of treatment<\/strong>. The different situations with the cost of treatment are explained in the paragraphs below.<\/p>\t\t\t\t\t<\/div>\n\t\t\t\t\t\t<\/div>\n\t\t\t\t<\/div>\n\t\t\t\t<div class=\"elementor-element elementor-element-d91ed4a elementor-widget elementor-widget-image\" data-id=\"d91ed4a\" data-element_type=\"widget\" data-widget_type=\"image.default\">\n\t\t\t\t<div class=\"elementor-widget-container\">\n\t\t\t\t\t\t\t\t<div class=\"elementor-image\">\n\t\t\t\t\t\t\t\t\t\t\t\t<img decoding=\"async\" src=\"https:\/\/orthodental.si\/en\/wp-content\/uploads\/elementor\/thumbs\/5-1-poc0ifw3ej2sakrrf22h9ecb29du9664ng5bu184v4.png\" title=\"Cena_invisalign_nevidni_zobni_aparat\" alt=\"Invisalign nevidni zobni aparat v \u0161katlici\" loading=\"lazy\" \/>\t\t\t\t\t\t\t\t\t\t\t\t\t\t<\/div>\n\t\t\t\t\t\t<\/div>\n\t\t\t\t<\/div>\n\t\t\t\t\t\t<\/div>\n\t\t\t\t\t<\/div>\n\t\t<\/div>\n\t\t\t\t\t\t\t\t<\/div>\n\t\t\t\t\t<\/div>\n\t\t<\/section>\n\t\t\t\t<section class=\"elementor-section elementor-top-section elementor-element elementor-element-04a4c64 elementor-section-boxed elementor-section-height-default elementor-section-height-default\" data-id=\"04a4c64\" data-element_type=\"section\">\n\t\t\t\t\t\t<div class=\"elementor-container elementor-column-gap-default\">\n\t\t\t\t\t\t\t<div class=\"elementor-row\">\n\t\t\t\t\t<div class=\"elementor-column elementor-col-100 elementor-top-column elementor-element elementor-element-a306a4a\" data-id=\"a306a4a\" data-element_type=\"column\">\n\t\t\t<div class=\"elementor-column-wrap elementor-element-populated\">\n\t\t\t\t\t\t\t<div class=\"elementor-widget-wrap\">\n\t\t\t\t\t\t<div class=\"elementor-element elementor-element-3b86713 elementor-widget elementor-widget-heading\" data-id=\"3b86713\" data-element_type=\"widget\" data-widget_type=\"heading.default\">\n\t\t\t\t<div class=\"elementor-widget-container\">\n\t\t\t<h2 class=\"elementor-heading-title elementor-size-default\">Different packages<\/h2>\t\t<\/div>\n\t\t\t\t<\/div>\n\t\t\t\t<div class=\"elementor-element elementor-element-1501ab1 elementor-widget elementor-widget-text-editor\" data-id=\"1501ab1\" data-element_type=\"widget\" data-widget_type=\"text-editor.default\">\n\t\t\t\t<div class=\"elementor-widget-container\">\n\t\t\t\t\t\t\t\t<div class=\"elementor-text-editor elementor-clearfix\">\n\t\t\t\t<p>Below are the anomalies that Invisalign can solve and, for the sake of better presentation, they are included in a single package, which is also given an indicative price. For an exact cost, please contact us directly and <strong>we will offer you a free Invisalign examination and a live assessment of the irregularity<\/strong>.<\/p>\t\t\t\t\t<\/div>\n\t\t\t\t\t\t<\/div>\n\t\t\t\t<\/div>\n\t\t\t\t\t\t<\/div>\n\t\t\t\t\t<\/div>\n\t\t<\/div>\n\t\t\t\t\t\t\t\t<\/div>\n\t\t\t\t\t<\/div>\n\t\t<\/section>\n\t\t\t\t<section class=\"elementor-section elementor-top-section elementor-element elementor-element-db33125 elementor-section-boxed elementor-section-height-default elementor-section-height-default\" data-id=\"db33125\" data-element_type=\"section\">\n\t\t\t\t\t\t<div class=\"elementor-container elementor-column-gap-default\">\n\t\t\t\t\t\t\t<div class=\"elementor-row\">\n\t\t\t\t\t<div class=\"elementor-column elementor-col-100 elementor-top-column elementor-element elementor-element-61c5dab\" data-id=\"61c5dab\" data-element_type=\"column\">\n\t\t\t<div class=\"elementor-column-wrap elementor-element-populated\">\n\t\t\t\t\t\t\t<div class=\"elementor-widget-wrap\">\n\t\t\t\t\t\t<div class=\"elementor-element elementor-element-dfa85ac elementor-widget elementor-widget-heading\" data-id=\"dfa85ac\" data-element_type=\"widget\" data-widget_type=\"heading.default\">\n\t\t\t\t<div class=\"elementor-widget-container\">\n\t\t\t<h3 class=\"elementor-heading-title elementor-size-default\">Easier orthodontic treatment - Invisalign Express<\/h3>\t\t<\/div>\n\t\t\t\t<\/div>\n\t\t\t\t<div class=\"elementor-element elementor-element-aabe022 elementor-widget elementor-widget-text-editor\" data-id=\"aabe022\" data-element_type=\"widget\" data-widget_type=\"text-editor.default\">\n\t\t\t\t<div class=\"elementor-widget-container\">\n\t\t\t\t\t\t\t\t<div class=\"elementor-text-editor elementor-clearfix\">\n\t\t\t\t<p><strong>Invisalign Express<\/strong> is a relatively quick solution for minor dental cavities or other minor problems. Invisalign Express is typically a <strong>six-month orthodontic treatment<\/strong> program that uses just 10 sets of aligners to achieve a healthier, straighter smile.<\/p><p>Approximately 3% of all cases in our country could be placed in this package. Most of the solutions are used if you have had braces in your childhood and your teeth have moved back a little. This package is <strong>suitable for minor cosmetic corrections only<\/strong>. The price of Invisalign Express is <strong>2500 euros<\/strong>.<\/p>\t\t\t\t\t<\/div>\n\t\t\t\t\t\t<\/div>\n\t\t\t\t<\/div>\n\t\t\t\t\t\t<\/div>\n\t\t\t\t\t<\/div>\n\t\t<\/div>\n\t\t\t\t\t\t\t\t<\/div>\n\t\t\t\t\t<\/div>\n\t\t<\/section>\n\t\t\t\t<section class=\"elementor-section elementor-top-section elementor-element elementor-element-8251d40 elementor-section-boxed elementor-section-height-default elementor-section-height-default\" data-id=\"8251d40\" data-element_type=\"section\">\n\t\t\t\t\t\t<div class=\"elementor-container elementor-column-gap-default\">\n\t\t\t\t\t\t\t<div class=\"elementor-row\">\n\t\t\t\t\t<div class=\"elementor-column elementor-col-100 elementor-top-column elementor-element elementor-element-16b8077\" data-id=\"16b8077\" data-element_type=\"column\">\n\t\t\t<div class=\"elementor-column-wrap elementor-element-populated\">\n\t\t\t\t\t\t\t<div class=\"elementor-widget-wrap\">\n\t\t\t\t\t\t<div class=\"elementor-element elementor-element-c8bb0ab elementor-widget elementor-widget-heading\" data-id=\"c8bb0ab\" data-element_type=\"widget\" data-widget_type=\"heading.default\">\n\t\t\t\t<div class=\"elementor-widget-container\">\n\t\t\t<h3 class=\"elementor-heading-title elementor-size-default\">Srednje zahtevna ortodontska obravnava \u2013 Invisalign Lite<\/h3>\t\t<\/div>\n\t\t\t\t<\/div>\n\t\t\t\t<div class=\"elementor-element elementor-element-ec108a6 elementor-widget elementor-widget-text-editor\" data-id=\"ec108a6\" data-element_type=\"widget\" data-widget_type=\"text-editor.default\">\n\t\t\t\t<div class=\"elementor-widget-container\">\n\t\t\t\t\t\t\t\t<div class=\"elementor-text-editor elementor-clearfix\">\n\t\t\t\t<p>For larger changes that Invisalign Express cannot treat, <strong>Invisalign Lite is the optimal package<\/strong>. It provides the<strong> optimal balance between effective treatment and fast results<\/strong>. A typical treatment plan includes 14 aligners worn for six months or more.<\/p><p>60% of all cases fall into this category. The solution is used in the case of tightness in the mouth, for <strong>more noticeable cosmetic corrections<\/strong>, and for people who have already worn braces but whose teeth have become quite shifted. <strong>The price of Invisalign Lite is \u20ac3500<\/strong>.<\/p>\t\t\t\t\t<\/div>\n\t\t\t\t\t\t<\/div>\n\t\t\t\t<\/div>\n\t\t\t\t\t\t<\/div>\n\t\t\t\t\t<\/div>\n\t\t<\/div>\n\t\t\t\t\t\t\t\t<\/div>\n\t\t\t\t\t<\/div>\n\t\t<\/section>\n\t\t\t\t<section class=\"elementor-section elementor-top-section elementor-element elementor-element-19680fe elementor-section-boxed elementor-section-height-default elementor-section-height-default\" data-id=\"19680fe\" data-element_type=\"section\">\n\t\t\t\t\t\t<div class=\"elementor-container elementor-column-gap-default\">\n\t\t\t\t\t\t\t<div class=\"elementor-row\">\n\t\t\t\t\t<div class=\"elementor-column elementor-col-100 elementor-top-column elementor-element elementor-element-d38f419\" data-id=\"d38f419\" data-element_type=\"column\">\n\t\t\t<div class=\"elementor-column-wrap elementor-element-populated\">\n\t\t\t\t\t\t\t<div class=\"elementor-widget-wrap\">\n\t\t\t\t\t\t<div class=\"elementor-element elementor-element-e6cd7c5 elementor-widget elementor-widget-heading\" data-id=\"e6cd7c5\" data-element_type=\"widget\" data-widget_type=\"heading.default\">\n\t\t\t\t<div class=\"elementor-widget-container\">\n\t\t\t<h3 class=\"elementor-heading-title elementor-size-default\">Complex orthodontic treatment - Invisalign Full<\/h3>\t\t<\/div>\n\t\t\t\t<\/div>\n\t\t\t\t<div class=\"elementor-element elementor-element-0f165c7 elementor-widget elementor-widget-text-editor\" data-id=\"0f165c7\" data-element_type=\"widget\" data-widget_type=\"text-editor.default\">\n\t\t\t\t<div class=\"elementor-widget-container\">\n\t\t\t\t\t\t\t\t<div class=\"elementor-text-editor elementor-clearfix\">\n\t\t\t\t<p><strong>For moderate to severe dental problems<\/strong> that can still be solved without the use of conventional dentures, the Invisalign comprehensive treatment plan is suitable. In this case, you will receive a larger set of aligners, determined according to your specific situation, to be <strong>worn for more than one year, up to 18 months<\/strong>.<\/p><p>This package is suitable for dealing with more<strong> severe orthodontic anomalies<\/strong>, such as complex tight mouth conditions, open bite, crossbite, deep bite, and so on. 37% of our patients fall into this category. Invisalign can also address very challenging conditions, so we recommend that you come in for a free initial assessment and find out first-hand if Invisalign can help you. <strong>The price of the Invisalign Full package is \u20ac4500<\/strong>.<\/p>\t\t\t\t\t<\/div>\n\t\t\t\t\t\t<\/div>\n\t\t\t\t<\/div>\n\t\t\t\t\t\t<\/div>\n\t\t\t\t\t<\/div>\n\t\t<\/div>\n\t\t\t\t\t\t\t\t<\/div>\n\t\t\t\t\t<\/div>\n\t\t<\/section>\n\t\t\t\t<section class=\"elementor-section elementor-top-section elementor-element elementor-element-f957539 elementor-section-boxed elementor-section-height-default elementor-section-height-default\" data-id=\"f957539\" data-element_type=\"section\">\n\t\t\t\t\t\t<div class=\"elementor-container elementor-column-gap-default\">\n\t\t\t\t\t\t\t<div class=\"elementor-row\">\n\t\t\t\t\t<div class=\"elementor-column elementor-col-100 elementor-top-column elementor-element elementor-element-1d09efb\" data-id=\"1d09efb\" data-element_type=\"column\">\n\t\t\t<div class=\"elementor-column-wrap elementor-element-populated\">\n\t\t\t\t\t\t\t<div class=\"elementor-widget-wrap\">\n\t\t\t\t\t\t<div class=\"elementor-element elementor-element-f403382 elementor-widget elementor-widget-heading\" data-id=\"f403382\" data-element_type=\"widget\" data-widget_type=\"heading.default\">\n\t\t\t\t<div class=\"elementor-widget-container\">\n\t\t\t<h3 class=\"elementor-heading-title elementor-size-default\">Very complex orthodontic treatment.<\/h3>\t\t<\/div>\n\t\t\t\t<\/div>\n\t\t\t\t<div class=\"elementor-element elementor-element-6eb9e50 elementor-widget elementor-widget-text-editor\" data-id=\"6eb9e50\" data-element_type=\"widget\" data-widget_type=\"text-editor.default\">\n\t\t\t\t<div class=\"elementor-widget-container\">\n\t\t\t\t\t\t\t\t<div class=\"elementor-text-editor elementor-clearfix\">\n\t\t\t\t<p>Occasionally, in very complex cases, <strong>Invisalign treatment may also need to be combined with dental surgery<\/strong>, tooth extractions, or other procedures. <strong>In this case, an additional fee of \u20ac500<\/strong> will be charged for the creation of a plan for highly complex treatment.<\/p>\t\t\t\t\t<\/div>\n\t\t\t\t\t\t<\/div>\n\t\t\t\t<\/div>\n\t\t\t\t\t\t<\/div>\n\t\t\t\t\t<\/div>\n\t\t<\/div>\n\t\t\t\t\t\t\t\t<\/div>\n\t\t\t\t\t<\/div>\n\t\t<\/section>\n\t\t\t\t<section class=\"elementor-section elementor-top-section elementor-element elementor-element-d538eb4 elementor-section-boxed elementor-section-height-default elementor-section-height-default\" data-id=\"d538eb4\" data-element_type=\"section\">\n\t\t\t\t\t\t<div class=\"elementor-container elementor-column-gap-default\">\n\t\t\t\t\t\t\t<div class=\"elementor-row\">\n\t\t\t\t\t<div class=\"elementor-column elementor-col-100 elementor-top-column elementor-element elementor-element-de61161\" data-id=\"de61161\" data-element_type=\"column\">\n\t\t\t<div class=\"elementor-column-wrap elementor-element-populated\">\n\t\t\t\t\t\t\t<div class=\"elementor-widget-wrap\">\n\t\t\t\t\t\t<div class=\"elementor-element elementor-element-c1dab0f elementor-widget elementor-widget-image\" data-id=\"c1dab0f\" data-element_type=\"widget\" data-widget_type=\"image.default\">\n\t\t\t\t<div class=\"elementor-widget-container\">\n\t\t\t\t\t\t\t\t<div class=\"elementor-image\">\n\t\t\t\t\t\t\t\t\t\t\t\t<img decoding=\"async\" width=\"1024\" height=\"768\" src=\"https:\/\/orthodental.si\/en\/wp-content\/uploads\/2023\/02\/328aed3d-457c-47df-afcd-4ec730b67421.jpg\" class=\"attachment-large size-large wp-image-3070\" alt=\"Najstnica na pregledu za Invisalign pri OrthoDentalu v Mariboru\" loading=\"lazy\" srcset=\"https:\/\/orthodental.si\/en\/wp-content\/uploads\/2023\/02\/328aed3d-457c-47df-afcd-4ec730b67421.jpg 1024w, https:\/\/orthodental.si\/en\/wp-content\/uploads\/2023\/02\/328aed3d-457c-47df-afcd-4ec730b67421-300x225.jpg 300w, https:\/\/orthodental.si\/en\/wp-content\/uploads\/2023\/02\/328aed3d-457c-47df-afcd-4ec730b67421-768x576.jpg 768w, https:\/\/orthodental.si\/en\/wp-content\/uploads\/2023\/02\/328aed3d-457c-47df-afcd-4ec730b67421-600x450.jpg 600w\" sizes=\"(max-width: 1024px) 100vw, 1024px\" \/>\t\t\t\t\t\t\t\t\t\t\t\t\t\t<\/div>\n\t\t\t\t\t\t<\/div>\n\t\t\t\t<\/div>\n\t\t\t\t\t\t<\/div>\n\t\t\t\t\t<\/div>\n\t\t<\/div>\n\t\t\t\t\t\t\t\t<\/div>\n\t\t\t\t\t<\/div>\n\t\t<\/section>\n\t\t\t\t<section class=\"elementor-section elementor-top-section elementor-element elementor-element-146a2ba elementor-section-boxed elementor-section-height-default elementor-section-height-default\" data-id=\"146a2ba\" data-element_type=\"section\">\n\t\t\t\t\t\t<div class=\"elementor-container elementor-column-gap-default\">\n\t\t\t\t\t\t\t<div class=\"elementor-row\">\n\t\t\t\t\t<div class=\"elementor-column elementor-col-100 elementor-top-column elementor-element elementor-element-fdf999f\" data-id=\"fdf999f\" data-element_type=\"column\">\n\t\t\t<div class=\"elementor-column-wrap elementor-element-populated\">\n\t\t\t\t\t\t\t<div class=\"elementor-widget-wrap\">\n\t\t\t\t\t\t<div class=\"elementor-element elementor-element-6d545d0 elementor-widget elementor-widget-heading\" data-id=\"6d545d0\" data-element_type=\"widget\" data-widget_type=\"heading.default\">\n\t\t\t\t<div class=\"elementor-widget-container\">\n\t\t\t<h2 class=\"elementor-heading-title elementor-size-default\">What is included in the price of Invisalign treatment?<\/h2>\t\t<\/div>\n\t\t\t\t<\/div>\n\t\t\t\t<div class=\"elementor-element elementor-element-67048fe elementor-widget elementor-widget-text-editor\" data-id=\"67048fe\" data-element_type=\"widget\" data-widget_type=\"text-editor.default\">\n\t\t\t\t<div class=\"elementor-widget-container\">\n\t\t\t\t\t\t\t\t<div class=\"elementor-text-editor elementor-clearfix\">\n\t\t\t\t<p>The price of Invisalign includes a<strong> consultation with an orthodontist, a 3D scan of the teeth, custom-made aligners, and regular check-ups with the orthodontist every 7 to 10 weeks<\/strong>.<\/p><p>The above-mentioned package prices include everything you need to straighten your teeth &#8211; from diagnosis and the creation of a digital treatment plan to active treatment with Invisalign aligners with all regular and emergency check-ups.<\/p><p>In addition to the right number of aligners for your specific case, the <strong>price also includes maintenance splints, which we fabricate ourselves<\/strong>. Vivera retention films are also available from Invisalign. These splints are more durable and are at an extra cost, and 3 pairs are made, or 6 foils, in case you accidentally lose or destroy one.<\/p><p><strong>We also include two or more check-ups, where we scan your teeth after three and six months<\/strong>. This way, we regularly monitor the movement of your teeth to ensure the best outcome from your orthodontic treatment.<\/p>\t\t\t\t\t<\/div>\n\t\t\t\t\t\t<\/div>\n\t\t\t\t<\/div>\n\t\t\t\t\t\t<\/div>\n\t\t\t\t\t<\/div>\n\t\t<\/div>\n\t\t\t\t\t\t\t\t<\/div>\n\t\t\t\t\t<\/div>\n\t\t<\/section>\n\t\t\t\t<section class=\"elementor-section elementor-top-section elementor-element elementor-element-82ceded elementor-section-boxed elementor-section-height-default elementor-section-height-default\" data-id=\"82ceded\" data-element_type=\"section\">\n\t\t\t\t\t\t<div class=\"elementor-container elementor-column-gap-default\">\n\t\t\t\t\t\t\t<div class=\"elementor-row\">\n\t\t\t\t\t<div class=\"elementor-column elementor-col-100 elementor-top-column elementor-element elementor-element-7218732\" data-id=\"7218732\" data-element_type=\"column\">\n\t\t\t<div class=\"elementor-column-wrap elementor-element-populated\">\n\t\t\t\t\t\t\t<div class=\"elementor-widget-wrap\">\n\t\t\t\t\t\t<div class=\"elementor-element elementor-element-c6a2666 elementor-widget elementor-widget-heading\" data-id=\"c6a2666\" data-element_type=\"widget\" data-widget_type=\"heading.default\">\n\t\t\t\t<div class=\"elementor-widget-container\">\n\t\t\t<h2 class=\"elementor-heading-title elementor-size-default\">Does the price of Invisalign treatment vary between providers?<\/h2>\t\t<\/div>\n\t\t\t\t<\/div>\n\t\t\t\t<div class=\"elementor-element elementor-element-5bddffd elementor-widget elementor-widget-text-editor\" data-id=\"5bddffd\" data-element_type=\"widget\" data-widget_type=\"text-editor.default\">\n\t\t\t\t<div class=\"elementor-widget-container\">\n\t\t\t\t\t\t\t\t<div class=\"elementor-text-editor elementor-clearfix\">\n\t\t\t\t<p><strong>The prices are similar for all Invisalign providers<\/strong>, but all the steps that lead you to the most beautiful smile are very important. <strong>At Orthodental, your digital treatment plan is created by Dr. Gordana \u010ci\u017emek, who has over 10 years of experience in orthodontics<\/strong>. With the help of the highest quality 3D technology, <strong>you can see your future smile from your first visit<\/strong>, making it easier to you can better imagine what you will achieve with regular wear. <strong>We are also always available to answer questions and help you throughout the treatment process<\/strong>, and answer anything you are curious about during your regular visits.<\/p>\t\t\t\t\t<\/div>\n\t\t\t\t\t\t<\/div>\n\t\t\t\t<\/div>\n\t\t\t\t\t\t<\/div>\n\t\t\t\t\t<\/div>\n\t\t<\/div>\n\t\t\t\t\t\t\t\t<\/div>\n\t\t\t\t\t<\/div>\n\t\t<\/section>\n\t\t\t\t<section class=\"elementor-section elementor-top-section elementor-element elementor-element-6bb75e6 elementor-section-boxed elementor-section-height-default elementor-section-height-default\" data-id=\"6bb75e6\" data-element_type=\"section\">\n\t\t\t\t\t\t<div class=\"elementor-container elementor-column-gap-default\">\n\t\t\t\t\t\t\t<div class=\"elementor-row\">\n\t\t\t\t\t<div class=\"elementor-column elementor-col-100 elementor-top-column elementor-element elementor-element-59611c6\" data-id=\"59611c6\" data-element_type=\"column\">\n\t\t\t<div class=\"elementor-column-wrap elementor-element-populated\">\n\t\t\t\t\t\t\t<div class=\"elementor-widget-wrap\">\n\t\t\t\t\t\t<div class=\"elementor-element elementor-element-83075d6 elementor-widget elementor-widget-heading\" data-id=\"83075d6\" data-element_type=\"widget\" data-widget_type=\"heading.default\">\n\t\t\t\t<div class=\"elementor-widget-container\">\n\t\t\t<h2 class=\"elementor-heading-title elementor-size-default\">Do you want to choose Invisalign? Book a free first check-up!<\/h2>\t\t<\/div>\n\t\t\t\t<\/div>\n\t\t\t\t<div class=\"elementor-element elementor-element-cf2f5e2 elementor-widget elementor-widget-text-editor\" data-id=\"cf2f5e2\" data-element_type=\"widget\" data-widget_type=\"text-editor.default\">\n\t\t\t\t<div class=\"elementor-widget-container\">\n\t\t\t\t\t\t\t\t<div class=\"elementor-text-editor elementor-clearfix\">\n\t\t\t\t<p><strong>Book a free check-up with OrthoDental<\/strong> and get your Invisalign invisible dental appliance. A free check-up does not commit you to a purchase! Thanks to a large number of successful treatments with Invisalign invisible dental appliances, you can be sure that you <strong>will be opting for the highest quality at OrthoDental<\/strong>. Our Dr. \u010ci\u017emek is also recognized as an <strong>Invisalign Diamond Provider<\/strong>, which is the best and highest recognition an orthodontist can have for working with Invisalign.<\/p><p><strong>Sign up for your free check-up now, or read more about <a href=\"https:\/\/orthodental.si\/en\/instructions-for-successful-invisalign-treatment\/\">Invisalign treatment<\/a>.<\/strong><\/p>\t\t\t\t\t<\/div>\n\t\t\t\t\t\t<\/div>\n\t\t\t\t<\/div>\n\t\t\t\t<div class=\"elementor-element elementor-element-92dde28 elementor-widget elementor-widget-image\" data-id=\"92dde28\" data-element_type=\"widget\" data-widget_type=\"image.default\">\n\t\t\t\t<div class=\"elementor-widget-container\">\n\t\t\t\t\t\t\t\t<div class=\"elementor-image\">\n\t\t\t\t\t\t\t\t\t\t\t\t<img decoding=\"async\" width=\"768\" height=\"1024\" src=\"https:\/\/orthodental.si\/en\/wp-content\/uploads\/2023\/02\/c6e8e248-edf7-4866-9f1b-a70918251ccd.jpg\" class=\"attachment-large size-large wp-image-3071\" alt=\"Mlada pacientka na pregledu za Invisalign pri OrthoDentalu v Lenartu\" loading=\"lazy\" srcset=\"https:\/\/orthodental.si\/en\/wp-content\/uploads\/2023\/02\/c6e8e248-edf7-4866-9f1b-a70918251ccd.jpg 768w, https:\/\/orthodental.si\/en\/wp-content\/uploads\/2023\/02\/c6e8e248-edf7-4866-9f1b-a70918251ccd-225x300.jpg 225w, https:\/\/orthodental.si\/en\/wp-content\/uploads\/2023\/02\/c6e8e248-edf7-4866-9f1b-a70918251ccd-600x800.jpg 600w\" sizes=\"(max-width: 768px) 100vw, 768px\" \/>\t\t\t\t\t\t\t\t\t\t\t\t\t\t<\/div>\n\t\t\t\t\t\t<\/div>\n\t\t\t\t<\/div>\n\t\t\t\t\t\t<\/div>\n\t\t\t\t\t<\/div>\n\t\t<\/div>\n\t\t\t\t\t\t\t\t<\/div>\n\t\t\t\t\t<\/div>\n\t\t<\/section>\n\t\t\t\t\t\t\t\t\t<\/div>\n\t\t\t<\/div>\n\t\t\t\t\t<\/div>\n\t\t\n\n<div class=\"kk-star-ratings kksr-auto kksr-align-right kksr-valign-bottom kksr-disabled\"\n    data-payload='{&quot;align&quot;:&quot;right&quot;,&quot;id&quot;:&quot;3058&quot;,&quot;readonly&quot;:&quot;1&quot;,&quot;slug&quot;:&quot;default&quot;,&quot;valign&quot;:&quot;bottom&quot;,&quot;ignore&quot;:&quot;&quot;,&quot;reference&quot;:&quot;auto&quot;,&quot;class&quot;:&quot;&quot;,&quot;count&quot;:&quot;8&quot;,&quot;legendonly&quot;:&quot;&quot;,&quot;score&quot;:&quot;5&quot;,&quot;starsonly&quot;:&quot;&quot;,&quot;best&quot;:&quot;5&quot;,&quot;gap&quot;:&quot;5&quot;,&quot;greet&quot;:&quot;Ocena uporabnikov&quot;,&quot;legend&quot;:&quot;5\\\/5 - (8 votes)&quot;,&quot;size&quot;:&quot;14&quot;,&quot;title&quot;:&quot;Invisalign price | How much does Invisalign cost?&quot;,&quot;width&quot;:&quot;92.5&quot;,&quot;_legend&quot;:&quot;{score}\\\/{best} - ({count} {votes})&quot;,&quot;font_factor&quot;:&quot;1.25&quot;}'>\n            \n<div class=\"kksr-stars\">\n    \n<div class=\"kksr-stars-inactive\">\n            <div class=\"kksr-star\" data-star=\"1\" style=\"padding-right: 5px\">\n            \n\n<div class=\"kksr-icon\" style=\"width: 14px; height: 14px;\"><\/div>\n        <\/div>\n            <div class=\"kksr-star\" data-star=\"2\" style=\"padding-right: 5px\">\n            \n\n<div class=\"kksr-icon\" style=\"width: 14px; height: 14px;\"><\/div>\n        <\/div>\n            <div class=\"kksr-star\" data-star=\"3\" style=\"padding-right: 5px\">\n            \n\n<div class=\"kksr-icon\" style=\"width: 14px; height: 14px;\"><\/div>\n        <\/div>\n            <div class=\"kksr-star\" data-star=\"4\" style=\"padding-right: 5px\">\n            \n\n<div class=\"kksr-icon\" style=\"width: 14px; height: 14px;\"><\/div>\n        <\/div>\n            <div class=\"kksr-star\" data-star=\"5\" style=\"padding-right: 5px\">\n            \n\n<div class=\"kksr-icon\" style=\"width: 14px; height: 14px;\"><\/div>\n        <\/div>\n    <\/div>\n    \n<div class=\"kksr-stars-active\" style=\"width: 92.5px;\">\n            <div class=\"kksr-star\" style=\"padding-right: 5px\">\n            \n\n<div class=\"kksr-icon\" style=\"width: 14px; height: 14px;\"><\/div>\n        <\/div>\n            <div class=\"kksr-star\" style=\"padding-right: 5px\">\n            \n\n<div class=\"kksr-icon\" style=\"width: 14px; height: 14px;\"><\/div>\n        <\/div>\n            <div class=\"kksr-star\" style=\"padding-right: 5px\">\n            \n\n<div class=\"kksr-icon\" style=\"width: 14px; height: 14px;\"><\/div>\n        <\/div>\n            <div class=\"kksr-star\" style=\"padding-right: 5px\">\n            \n\n<div class=\"kksr-icon\" style=\"width: 14px; height: 14px;\"><\/div>\n        <\/div>\n            <div class=\"kksr-star\" style=\"padding-right: 5px\">\n            \n\n<div class=\"kksr-icon\" style=\"width: 14px; height: 14px;\"><\/div>\n        <\/div>\n    <\/div>\n<\/div>\n                \n\n<div class=\"kksr-legend\" style=\"font-size: 11.2px;\">\n            5\/5 - (8 votes)    <\/div>\n    <\/div>\n","protected":false},"excerpt":{"rendered":"<p>Invisalign price &#8211; what is our price list? The price of Invisalign is one of the most common questions that arises when deciding on therapy. There is no Invisalign price list as such, as the price depends on the complexity of the orthodontic treatment. Nevertheless, to give you a better idea, below we will explain the factors that affect the cost of Invisalign treatment&#8230;<\/p>\n","protected":false},"author":1,"featured_media":3068,"comment_status":"closed","ping_status":"open","sticky":false,"template":"","format":"standard","meta":[],"categories":[1],"tags":[],"yoast_head":"<!-- This site is optimized with the Yoast SEO plugin v20.12 - https:\/\/yoast.com\/wordpress\/plugins\/seo\/ -->\n<title>Invisalign Cost | Price of Invisible aligners | OrthoDental<\/title>\n<meta name=\"description\" content=\"The cost of Invisalign invisible aligners depends on your orthodontic irregularities. Read our article at OrthoDental to gain comprehensive insight into the pricing details.\" \/>\n<meta name=\"robots\" content=\"index, follow, max-snippet:-1, max-image-preview:large, max-video-preview:-1\" \/>\n<link rel=\"canonical\" href=\"https:\/\/orthodental.si\/en\/invisalign-price\/\" \/>\n<meta property=\"og:locale\" content=\"en_US\" \/>\n<meta property=\"og:type\" content=\"article\" \/>\n<meta property=\"og:title\" content=\"Invisalign Cost | Price of Invisible aligners | OrthoDental\" \/>\n<meta property=\"og:description\" content=\"The cost of Invisalign invisible aligners depends on your orthodontic irregularities. Read our article at OrthoDental to gain comprehensive insight into the pricing details.\" \/>\n<meta property=\"og:url\" content=\"https:\/\/orthodental.si\/en\/invisalign-price\/\" \/>\n<meta property=\"og:site_name\" content=\"OrthoDental\" \/>\n<meta property=\"article:author\" content=\"https:\/\/www.facebook.com\/Orthodental.si\" \/>\n<meta property=\"article:published_time\" content=\"2023-02-16T11:42:23+00:00\" \/>\n<meta property=\"article:modified_time\" content=\"2023-07-30T14:19:36+00:00\" \/>\n<meta property=\"og:image\" content=\"https:\/\/orthodental.si\/en\/wp-content\/uploads\/2023\/02\/IMG_7857-scaled.jpg\" \/>\n\t<meta property=\"og:image:width\" content=\"1920\" \/>\n\t<meta property=\"og:image:height\" content=\"2560\" \/>\n\t<meta property=\"og:image:type\" content=\"image\/jpeg\" \/>\n<meta name=\"author\" content=\"Gordana \u010ci\u017emek\" \/>\n<meta name=\"twitter:card\" content=\"summary_large_image\" \/>\n<meta name=\"twitter:label1\" content=\"Written by\" \/>\n\t<meta name=\"twitter:data1\" content=\"Gordana \u010ci\u017emek\" \/>\n\t<meta name=\"twitter:label2\" content=\"Est. reading time\" \/>\n\t<meta name=\"twitter:data2\" content=\"7 minutes\" \/>\n<!-- \/ Yoast SEO plugin. -->","yoast_head_json":{"title":"Invisalign Cost | Price of Invisible aligners | OrthoDental","description":"The cost of Invisalign invisible aligners depends on your orthodontic irregularities. Read our article at OrthoDental to gain comprehensive insight into the pricing details.","robots":{"index":"index","follow":"follow","max-snippet":"max-snippet:-1","max-image-preview":"max-image-preview:large","max-video-preview":"max-video-preview:-1"},"canonical":"https:\/\/orthodental.si\/en\/invisalign-price\/","og_locale":"en_US","og_type":"article","og_title":"Invisalign Cost | Price of Invisible aligners | OrthoDental","og_description":"The cost of Invisalign invisible aligners depends on your orthodontic irregularities. Read our article at OrthoDental to gain comprehensive insight into the pricing details.","og_url":"https:\/\/orthodental.si\/en\/invisalign-price\/","og_site_name":"OrthoDental","article_author":"https:\/\/www.facebook.com\/Orthodental.si","article_published_time":"2023-02-16T11:42:23+00:00","article_modified_time":"2023-07-30T14:19:36+00:00","og_image":[{"width":1920,"height":2560,"url":"https:\/\/orthodental.si\/en\/wp-content\/uploads\/2023\/02\/IMG_7857-scaled.jpg","type":"image\/jpeg"}],"author":"Gordana \u010ci\u017emek","twitter_card":"summary_large_image","twitter_misc":{"Written by":"Gordana \u010ci\u017emek","Est. reading time":"7 minutes"},"schema":{"@context":"https:\/\/schema.org","@graph":[{"@type":"Article","@id":"https:\/\/orthodental.si\/en\/invisalign-price\/#article","isPartOf":{"@id":"https:\/\/orthodental.si\/en\/invisalign-price\/"},"author":{"name":"Gordana \u010ci\u017emek","@id":"https:\/\/orthodental.si\/en\/#\/schema\/person\/ff9909c3fd9c9d78fb0321b4a15aca18"},"headline":"Invisalign price | How much does Invisalign cost?","datePublished":"2023-02-16T11:42:23+00:00","dateModified":"2023-07-30T14:19:36+00:00","mainEntityOfPage":{"@id":"https:\/\/orthodental.si\/en\/invisalign-price\/"},"wordCount":1007,"publisher":{"@id":"https:\/\/orthodental.si\/en\/#organization"},"articleSection":["Nekategorizirano"],"inLanguage":"en-US"},{"@type":"WebPage","@id":"https:\/\/orthodental.si\/en\/invisalign-price\/","url":"https:\/\/orthodental.si\/en\/invisalign-price\/","name":"Invisalign Cost | Price of Invisible aligners | OrthoDental","isPartOf":{"@id":"https:\/\/orthodental.si\/en\/#website"},"datePublished":"2023-02-16T11:42:23+00:00","dateModified":"2023-07-30T14:19:36+00:00","description":"The cost of Invisalign invisible aligners depends on your orthodontic irregularities. Read our article at OrthoDental to gain comprehensive insight into the pricing details.","breadcrumb":{"@id":"https:\/\/orthodental.si\/en\/invisalign-price\/#breadcrumb"},"inLanguage":"en-US","potentialAction":[{"@type":"ReadAction","target":["https:\/\/orthodental.si\/en\/invisalign-price\/"]}]},{"@type":"BreadcrumbList","@id":"https:\/\/orthodental.si\/en\/invisalign-price\/#breadcrumb","itemListElement":[{"@type":"ListItem","position":1,"name":"Home","item":"https:\/\/orthodental.si\/en\/"},{"@type":"ListItem","position":2,"name":"Invisalign price | How much does Invisalign cost?"}]},{"@type":"WebSite","@id":"https:\/\/orthodental.si\/en\/#website","url":"https:\/\/orthodental.si\/en\/","name":"OrthoDental","description":"See you soon, at OrthoDental.","publisher":{"@id":"https:\/\/orthodental.si\/en\/#organization"},"potentialAction":[{"@type":"SearchAction","target":{"@type":"EntryPoint","urlTemplate":"https:\/\/orthodental.si\/en\/?s={search_term_string}"},"query-input":"required name=search_term_string"}],"inLanguage":"en-US"},{"@type":"Organization","@id":"https:\/\/orthodental.si\/en\/#organization","name":"OrthoDental","url":"https:\/\/orthodental.si\/en\/","logo":{"@type":"ImageObject","inLanguage":"en-US","@id":"https:\/\/orthodental.si\/en\/#\/schema\/logo\/image\/","url":"https:\/\/orthodental.si\/en\/wp-content\/uploads\/2023\/03\/cropped-Image-1.png","contentUrl":"https:\/\/orthodental.si\/en\/wp-content\/uploads\/2023\/03\/cropped-Image-1.png","width":512,"height":512,"caption":"OrthoDental"},"image":{"@id":"https:\/\/orthodental.si\/en\/#\/schema\/logo\/image\/"}},{"@type":"Person","@id":"https:\/\/orthodental.si\/en\/#\/schema\/person\/ff9909c3fd9c9d78fb0321b4a15aca18","name":"Gordana \u010ci\u017emek","image":{"@type":"ImageObject","inLanguage":"en-US","@id":"https:\/\/orthodental.si\/en\/#\/schema\/person\/image\/","url":"https:\/\/secure.gravatar.com\/avatar\/f13768fcffc8f8fe9255be1ddf704ee7?s=96&d=mm&r=g","contentUrl":"https:\/\/secure.gravatar.com\/avatar\/f13768fcffc8f8fe9255be1ddf704ee7?s=96&d=mm&r=g","caption":"Gordana \u010ci\u017emek"},"description":"Gordana \u010ci\u017emek is an orthodontist, entrepreneur, mother, and founder of the dental center OrthoDental, which has offices throughout Slovenia. In her free time, she enjoys hiking in the mountains, cycling, and walking her dog.","sameAs":["https:\/\/orthodental.si\/en","https:\/\/www.facebook.com\/Orthodental.si","https:\/\/www.instagram.com\/orthodental.si\/","https:\/\/www.linkedin.com\/company\/orthodental\/","gordana.cizmek@gmail.com"]}]}},"acf":[],"_links":{"self":[{"href":"https:\/\/orthodental.si\/en\/wp-json\/wp\/v2\/posts\/3058"}],"collection":[{"href":"https:\/\/orthodental.si\/en\/wp-json\/wp\/v2\/posts"}],"about":[{"href":"https:\/\/orthodental.si\/en\/wp-json\/wp\/v2\/types\/post"}],"author":[{"embeddable":true,"href":"https:\/\/orthodental.si\/en\/wp-json\/wp\/v2\/users\/1"}],"replies":[{"embeddable":true,"href":"https:\/\/orthodental.si\/en\/wp-json\/wp\/v2\/comments?post=3058"}],"version-history":[{"count":90,"href":"https:\/\/orthodental.si\/en\/wp-json\/wp\/v2\/posts\/3058\/revisions"}],"predecessor-version":[{"id":6771,"href":"https:\/\/orthodental.si\/en\/wp-json\/wp\/v2\/posts\/3058\/revisions\/6771"}],"wp:featuredmedia":[{"embeddable":true,"href":"https:\/\/orthodental.si\/en\/wp-json\/wp\/v2\/media\/3068"}],"wp:attachment":[{"href":"https:\/\/orthodental.si\/en\/wp-json\/wp\/v2\/media?parent=3058"}],"wp:term":[{"taxonomy":"category","embeddable":true,"href":"https:\/\/orthodental.si\/en\/wp-json\/wp\/v2\/categories?post=3058"},{"taxonomy":"post_tag","embeddable":true,"href":"https:\/\/orthodental.si\/en\/wp-json\/wp\/v2\/tags?post=3058"}],"curies":[{"name":"wp","href":"https:\/\/api.w.org\/{rel}","templated":true}]}}